{"id":2684,"date":"2021-01-17T10:55:55","date_gmt":"2021-01-17T08:55:55","guid":{"rendered":"http:\/\/wp.cycling-family.info\/?p=2684"},"modified":"2021-01-17T10:55:55","modified_gmt":"2021-01-17T08:55:55","slug":"jahreskilometerleistung-2020","status":"publish","type":"post","link":"https:\/\/wp.cycling-family.info\/?p=2684","title":{"rendered":"Jahreskilometerleistung 2020"},"content":{"rendered":"<p>Ein Freund erz\u00e4hlet mir irgendwann einmal, das er es schaffen m\u00f6chte 10000 KM mit dem Fahrrad in einem Jahr zu fahren. Damals habe ich f\u00fcr mich gedacht, das ist etwas das ich wohl niemals schaffen werde. 2016 bin ich 5639 KM gefahren. Dann habe ich gedacht, versuch dochmal das n\u00e4chste Jahr wenigstens 6000 KM zu erreichen. 2017 standen dann 6348 KM auf dem Tacho. Das n\u00e4chste Ziel war dann die 7000 KM zu erreichen. 2018 habei ich dann 7823 KM gefahren. Nun war meine Ziel die 8000 KM zu knacken, 2019 habe ich 9528 geschafft. Im M\u00e4rz 2020 habe ich gedacht wenn du dir 2020 das Ziel setzt eine KM Leistung von 834 KM \/ Monat zu schaffen und darauf hinarbeitest, dann k\u00f6nnte es ggf. etwas werden mit den 10000 KM\/Jahr. Im M\u00e4rz kam dann Corona und ich hatte eingetlich geplant wieder 10 Tage in Texas zu sein. Der Flug wurde gecancelt. Also hatte ich 10 Tage Zeit die fehlenden Kilometer aus Januar und Februar nachzuholen. Ende M\u00e4rz war das Ziel erreicht f\u00fcr die ersten 3 Monate. Nun hie\u00df es dran bleiben. Ob die gelanten gr\u00f6\u00dferen Touren klappen w\u00fcrden, stand in den Sternen. Also habe ich die Hin- und R\u00fcckwege zur Arbeit verl\u00e4ngert. Dann hat es im Juni ganz knapp geklappt die Via Claudia Augusta zu fahren und auch der Mainradweg war noch drin. Ende Oktober hatte ich dann die 10000 KM geschafft. Meine Corona Projekt 2 war erreicht. Nunn wollte ich wissen was denn jetzt m\u00f6glich ist. Am 31.12.20 hatte ich dann 11725 KM erreicht. Jetzt werde ich mal schauen ob ich mir f\u00fcr dieses Jahr das Ziel setze die 12000 KM zu erreichen. Aber genau wei\u00df ich das jetzt noch nicht. Das w\u00fcrde ja bedeuten 1000 KM im Monat zu fahren.<\/p>\n<p>Eine auf jeden Fall sch\u00f6ne Sache ist zu schauen wie die Co \u00b2 Einsparung ist. Das kann man <strong><a href=\"https:\/\/www.mit-dem-rad-zur-arbeit.de\/hamburg\/co2rechner.php#ergebnis\" target=\"_blank\" rel=\"noopener\">hier<\/a><\/strong> f\u00fcr sich ausrechnen.<\/p>\n<p>So sieht meine CO \u00b2 Einsparung auf den vielen sch\u00f6ne Kilometern in 2020 aus.<\/p>\n<p><img decoding=\"async\" class=\"ngg-singlepic ngg-none\" src=\"http:\/\/www.cycling2gether.de\/wp-content\/gallery\/news-2021\/CO2-einsparung.jpg\" alt=\"CO2-einsparung\"\/><\/p>\n","protected":false},"excerpt":{"rendered":"<p>Ein Freund erz\u00e4hlet mir irgendwann einmal, das er es schaffen m\u00f6chte 10000 KM mit dem Fahrrad in einem Jahr zu fahren. Damals habe ich f\u00fcr mich gedacht, das ist etwas das ich wohl niemals schaffen werde. 2016 bin ich 5639 &hellip; <a href=\"https:\/\/wp.cycling-family.info\/?p=2684\">Weiterlesen <span class=\"meta-nav\">&rarr;<\/span><\/a><\/p>\n","protected":false},"author":1,"featured_media":0,"comment_status":"closed","ping_status":"closed","sticky":false,"template":"","format":"standard","meta":{"ngg_post_thumbnail":0,"jetpack_post_was_ever_published":false,"_jetpack_newsletter_access":"","_jetpack_dont_email_post_to_subs":false,"_jetpack_newsletter_tier_id":0,"_jetpack_memberships_contains_paywalled_content":false,"_jetpack_memberships_contains_paid_content":false,"footnotes":"","jetpack_publicize_message":"","jetpack_publicize_feature_enabled":true,"jetpack_social_post_already_shared":true,"jetpack_social_options":{"image_generator_settings":{"template":"highway","enabled":false}}},"categories":[1],"tags":[],"jetpack_publicize_connections":[],"jetpack_featured_media_url":"","jetpack_shortlink":"https:\/\/wp.me\/p3JTu5-Hi","jetpack_sharing_enabled":true,"_links":{"self":[{"href":"https:\/\/wp.cycling-family.info\/index.php?rest_route=\/wp\/v2\/posts\/2684"}],"collection":[{"href":"https:\/\/wp.cycling-family.info\/index.php?rest_route=\/wp\/v2\/posts"}],"about":[{"href":"https:\/\/wp.cycling-family.info\/index.php?rest_route=\/wp\/v2\/types\/post"}],"author":[{"embeddable":true,"href":"https:\/\/wp.cycling-family.info\/index.php?rest_route=\/wp\/v2\/users\/1"}],"replies":[{"embeddable":true,"href":"https:\/\/wp.cycling-family.info\/index.php?rest_route=%2Fwp%2Fv2%2Fcomments&post=2684"}],"version-history":[{"count":1,"href":"https:\/\/wp.cycling-family.info\/index.php?rest_route=\/wp\/v2\/posts\/2684\/revisions"}],"predecessor-version":[{"id":2685,"href":"https:\/\/wp.cycling-family.info\/index.php?rest_route=\/wp\/v2\/posts\/2684\/revisions\/2685"}],"wp:attachment":[{"href":"https:\/\/wp.cycling-family.info\/index.php?rest_route=%2Fwp%2Fv2%2Fmedia&parent=2684"}],"wp:term":[{"taxonomy":"category","embeddable":true,"href":"https:\/\/wp.cycling-family.info\/index.php?rest_route=%2Fwp%2Fv2%2Fcategories&post=2684"},{"taxonomy":"post_tag","embeddable":true,"href":"https:\/\/wp.cycling-family.info\/index.php?rest_route=%2Fwp%2Fv2%2Ftags&post=2684"}],"curies":[{"name":"wp","href":"https:\/\/api.w.org\/{rel}","templated":true}]}}